{
    "id": 360,
    "date": "2024-10-23T12:01:36",
    "date_gmt": "2024-10-23T10:01:36",
    "guid": {
        "rendered": "http:\/\/petervalentovic.com\/?page_id=360"
    },
    "modified": "2025-07-21T00:55:38",
    "modified_gmt": "2025-07-20T22:55:38",
    "slug": "o-mne",
    "status": "publish",
    "type": "page",
    "link": "http:\/\/petervalentovic.com\/sk\/o-mne\/",
    "title": {
        "rendered": "O mne"
    },
    "content": {
        "rendered": "<div class=\"banner has-hover hide-for-small has-parallax\" id=\"banner-8892566\">\n          <div class=\"banner-inner fill\">\n        <div class=\"banner-bg fill\" data-parallax=\"-1\" data-parallax-container=\".banner\" data-parallax-background>\n            <img loading=\"lazy\" decoding=\"async\" width=\"2560\" height=\"1709\" src=\"http:\/\/petervalentovic.com\/wp-content\/uploads\/2024\/12\/DSC_3161-scaled.jpg\" class=\"bg attachment-original size-original\" alt=\"\" \/>                        <div class=\"overlay\"><\/div>            \n                    <\/div>\n\t\t\n        <div class=\"banner-layers container\">\n            <div class=\"fill banner-link\"><\/div>            \n\n   <div id=\"text-box-707418651\" class=\"text-box banner-layer x5 md-x5 lg-x5 y50 md-y50 lg-y50 res-text\">\n                                <div class=\"text-box-content text dark\">\n              \n              <div class=\"text-inner text-left\">\n                  \n\n\t<div id=\"text-2748138071\" class=\"text\">\n\t\t\n\n<h2 class=\"uppercase\">Svet hudby o\u010dami dirigenta<\/h2>\n\t\t\n<style>\n#text-2748138071 {\n  font-size: 1.2rem;\n}\n@media (min-width:850px) {\n  #text-2748138071 {\n    font-size: 1.5rem;\n  }\n}\n<\/style>\n\t<\/div>\n\t\n\n              <\/div>\n           <\/div>\n                            \n<style>\n#text-box-707418651 {\n  width: 60%;\n}\n#text-box-707418651 .text-box-content {\n  font-size: 100%;\n}\n@media (min-width:550px) {\n  #text-box-707418651 {\n    width: 59%;\n  }\n}\n<\/style>\n    <\/div>\n \n\n        <\/div>\n      <\/div>\n\n            \n<style>\n#banner-8892566 {\n  padding-top: 40%;\n}\n#banner-8892566 .overlay {\n  background-color: rgba(0, 0, 0, 0.064);\n}\n#banner-8892566 .banner-bg img {\n  object-position: 5% 29%;\n}\n<\/style>\n  <\/div>\n\n\n\n  <div class=\"banner has-hover show-for-small has-parallax\" id=\"banner-556609989\">\n          <div class=\"banner-inner fill\">\n        <div class=\"banner-bg fill\" data-parallax=\"-1\" data-parallax-container=\".banner\" data-parallax-background>\n            <img loading=\"lazy\" decoding=\"async\" width=\"2560\" height=\"1709\" src=\"http:\/\/petervalentovic.com\/wp-content\/uploads\/2024\/12\/DSC_3161-scaled.jpg\" class=\"bg attachment-original size-original\" alt=\"\" \/>                        <div class=\"overlay\"><\/div>            \n                    <\/div>\n\t\t\n        <div class=\"banner-layers container\">\n            <div class=\"fill banner-link\"><\/div>            \n\n   <div id=\"text-box-1881878418\" class=\"text-box banner-layer x5 md-x5 lg-x5 y50 md-y50 lg-y50 res-text\">\n                                <div class=\"text-box-content text dark\">\n              \n              <div class=\"text-inner text-left\">\n                  \n\n\t<div id=\"text-2110665328\" class=\"text\">\n\t\t\n\n<h2 class=\"uppercase\">Svet hudby<\/h2>\n<h2 class=\"uppercase\">o\u010dami dirigenta<\/h2>\n\t\t\n<style>\n#text-2110665328 {\n  font-size: 1.15rem;\n}\n<\/style>\n\t<\/div>\n\t\n\n              <\/div>\n           <\/div>\n                            \n<style>\n#text-box-1881878418 {\n  width: 89%;\n}\n#text-box-1881878418 .text-box-content {\n  font-size: 100%;\n}\n@media (min-width:550px) {\n  #text-box-1881878418 {\n    width: 40%;\n  }\n}\n<\/style>\n    <\/div>\n \n\n        <\/div>\n      <\/div>\n\n            \n<style>\n#banner-556609989 {\n  padding-top: 130%;\n}\n#banner-556609989 .overlay {\n  background-color: rgba(0, 0, 0, 0.163);\n}\n@media (min-width:550px) {\n  #banner-556609989 {\n    padding-top: 500px;\n  }\n  #banner-556609989 .overlay {\n    background-color: rgba(0, 0, 0, 0.31);\n  }\n}\n<\/style>\n  <\/div>\n\n\n\n\t<section class=\"section\" id=\"section_840058422\">\n\t\t<div class=\"section-bg fill\" >\n\t\t\t\t\t\t\t\t\t\n\t\t\t\n\n\t\t<\/div>\n\n\t\t\n\n\t\t<div class=\"section-content relative\">\n\t\t\t\n\n\t<div id=\"gap-1429432553\" class=\"gap-element clearfix\" style=\"display:block; height:auto;\">\n\t\t\n<style>\n#gap-1429432553 {\n  padding-top: 30px;\n}\n<\/style>\n\t<\/div>\n\t\n\n<div class=\"row row-large align-middle align-center\"  id=\"row-1221680736\">\n\n\n\t<div id=\"col-1348765193\" class=\"col medium-6 small-12 large-6\"  data-animate=\"fadeInUp\">\n\t\t\t\t<div class=\"col-inner\"  >\n\t\t\t\n\t\t\t\n\n\n  <div class=\"banner has-hover hide-for-small\" id=\"banner-613813796\">\n          <div class=\"banner-inner fill\">\n        <div class=\"banner-bg fill\" >\n            <img loading=\"lazy\" decoding=\"async\" width=\"1562\" height=\"2560\" src=\"http:\/\/petervalentovic.com\/wp-content\/uploads\/2024\/12\/DSC_2833-Edit-scaled-e1734702379749.jpg\" class=\"bg attachment-original size-original\" alt=\"\" \/>                                    \n\t<div class=\"is-border\"\n\t\tstyle=\"border-color:rgb(245, 245, 245);border-width:0px 50px 0px 0px;margin:0px 0px 0px 0px;\">\n\t<\/div>\n                    <\/div>\n\t\t\n        <div class=\"banner-layers container\">\n            <div class=\"fill banner-link\"><\/div>            \n\n   <div id=\"text-box-114153084\" class=\"text-box banner-layer x100 md-x100 lg-x100 y85 md-y30 lg-y30 res-text\">\n                     <div data-animate=\"fadeInUp\">           <div class=\"text-box-content text dark\">\n              \n              <div class=\"text-inner text-center\">\n                  \n\n\t<div id=\"text-2764508942\" class=\"text\">\n\t\t\n\n<h3 class=\"uppercase\">Moja<br \/>cesta<\/h3>\n\t\t\n<style>\n#text-2764508942 {\n  font-size: 2rem;\n  color: rgb(45, 45, 45);\n}\n#text-2764508942 > * {\n  color: rgb(45, 45, 45);\n}\n<\/style>\n\t<\/div>\n\t\n\n              <\/div>\n           <\/div>\n       <\/div>                     \n<style>\n#text-box-114153084 {\n  margin: 0px -15px 0px 0px;\n  width: 60%;\n}\n#text-box-114153084 .text-inner {\n  padding: 0px 0px 10px 0px;\n}\n#text-box-114153084 .text-box-content {\n  font-size: 100%;\n}\n@media (min-width:550px) {\n  #text-box-114153084 {\n    margin: 0px -52px 0px 0px;\n  }\n}\n<\/style>\n    <\/div>\n \n\n        <\/div>\n      <\/div>\n\n            \n<style>\n#banner-613813796 {\n  padding-top: 500px;\n}\n#banner-613813796 .banner-bg img {\n  object-position: 42% 25%;\n}\n<\/style>\n  <\/div>\n\n\n\n  <div class=\"banner has-hover show-for-small\" id=\"banner-1398109924\">\n          <div class=\"banner-inner fill\">\n        <div class=\"banner-bg fill\" >\n            <img loading=\"lazy\" decoding=\"async\" width=\"1438\" height=\"2355\" src=\"http:\/\/petervalentovic.com\/wp-content\/uploads\/2024\/12\/DSC_2833-Edit-1-scaled-e1734711722308.jpg\" class=\"bg attachment-original size-original\" alt=\"\" \/>                                    \n\t<div class=\"is-border\"\n\t\tstyle=\"border-color:rgb(245, 245, 245);border-width:0px 50px 0px 0px;margin:0px 0px 0px 0px;\">\n\t<\/div>\n                    <\/div>\n\t\t\n        <div class=\"banner-layers container\">\n            <div class=\"fill banner-link\"><\/div>            \n\n   <div id=\"text-box-1429143793\" class=\"text-box banner-layer x100 md-x100 lg-x100 y20 md-y70 lg-y70 res-text\">\n                     <div data-animate=\"fadeInUp\">           <div class=\"text-box-content text dark\">\n              \n              <div class=\"text-inner text-center\">\n                  \n\n\t<div id=\"text-4235442952\" class=\"text\">\n\t\t\n\n<h3 class=\"uppercase\">Moja cesta<\/h3>\n\t\t\n<style>\n#text-4235442952 {\n  font-size: 1.9rem;\n  text-align: center;\n  color: rgb(45, 45, 45);\n}\n#text-4235442952 > * {\n  color: rgb(45, 45, 45);\n}\n@media (min-width:550px) {\n  #text-4235442952 {\n    font-size: 2rem;\n  }\n}\n<\/style>\n\t<\/div>\n\t\n\n              <\/div>\n           <\/div>\n       <\/div>                     \n<style>\n#text-box-1429143793 {\n  margin: 0px -10px 0px 0px;\n  width: 60%;\n}\n#text-box-1429143793 .text-inner {\n  padding: 0px 0px 0px 0px;\n}\n#text-box-1429143793 .text-box-content {\n  font-size: 100%;\n}\n@media (min-width:550px) {\n  #text-box-1429143793 {\n    margin: 0px -52px 0px 0px;\n  }\n  #text-box-1429143793 .text-inner {\n    padding: 0px 0px 10px 0px;\n  }\n}\n<\/style>\n    <\/div>\n \n\n        <\/div>\n      <\/div>\n\n            \n<style>\n#banner-1398109924 {\n  padding-top: 450px;\n}\n#banner-1398109924 .banner-bg img {\n  object-position: 39% 45%;\n}\n@media (min-width:550px) {\n  #banner-1398109924 {\n    padding-top: 500px;\n  }\n}\n<\/style>\n  <\/div>\n\n\n\n\t\t<\/div>\n\t\t\t\t\n<style>\n#col-1348765193 > .col-inner {\n  margin: 0px 0px 0px 0px;\n}\n@media (min-width:550px) {\n  #col-1348765193 > .col-inner {\n    margin: 0px 0px 0px -10px;\n  }\n}\n<\/style>\n\t<\/div>\n\n\t\n\n\t<div id=\"col-938363190\" class=\"col medium-6 small-12 large-6\"  data-animate=\"fadeInUp\">\n\t\t\t\t<div class=\"col-inner\"  >\n\t\t\t\n\t\t\t\n\n<p>Peter Valentovi\u010d je medzin\u00e1rodne uzn\u00e1van\u00fd slovensk\u00fd dirigent a klavirista, ktor\u00fd za\u010dal svoju hudobn\u00fa kari\u00e9ru ako klavirista a korepet\u00edtor. \u0160t\u00fadium na prest\u00ed\u017enych in\u0161tit\u00faci\u00e1ch v Bratislave, Viedni a Par\u00ed\u017ei mu prinieslo \u0161tipendi\u00e1 za mimoriadny umeleck\u00fd talent. Ako dirigent debutoval u\u017e vo veku 20 rokov a odvtedy p\u00f4sobil na renomovan\u00fdch svetov\u00fdch p\u00f3di\u00e1ch, vr\u00e1tane La Scaly, Viedenskej \u0161t\u00e1tnej opery a Tonhalle Z\u00fcrich.<\/p>\n<p>Spolupracoval s v\u00fdznamn\u00fdmi umelcami, ako Edita Gruberov\u00e1 a dirigent J. E. Gardiner, a vystupoval s popredn\u00fdmi symfonick\u00fdmi orchestrami v Eur\u00f3pe, Japonsku, \u010c\u00edne \u010di Ju\u017enej Afrike. Na Slovensku pravidelne \u00fa\u010dinkuje v Slovenskom n\u00e1rodnom divadle a Slovenskej filharm\u00f3nii. Aktu\u00e1lne zast\u00e1va post \u0161\u00e9fdirigenta v N\u00e1rodnom divadle Ko\u0161ice.<\/p>\n\n\t\t<\/div>\n\t\t\t\t\t<\/div>\n\n\t\n\n<\/div>\n\n\t\t<\/div>\n\n\t\t\n<style>\n#section_840058422 {\n  padding-top: 30px;\n  padding-bottom: 30px;\n}\n<\/style>\n\t<\/section>\n\t\n\n  <div class=\"banner has-hover hide-for-small has-parallax\" id=\"banner-1580273776\">\n          <div class=\"banner-inner fill\">\n        <div class=\"banner-bg fill\" data-parallax=\"-4\" data-parallax-container=\".banner\" data-parallax-background>\n            <img loading=\"lazy\" decoding=\"async\" width=\"2560\" height=\"1709\" src=\"http:\/\/petervalentovic.com\/wp-content\/uploads\/2024\/12\/DSC_2701-Edit-2-scaled.jpg\" class=\"bg attachment-original size-original\" alt=\"\" \/>                        <div class=\"overlay\"><\/div>            \n                    <\/div>\n\t\t\n        <div class=\"banner-layers container\">\n            <div class=\"fill banner-link\"><\/div>            \n\n   <div id=\"text-box-1851282082\" class=\"text-box banner-layer x50 md-x50 lg-x50 y50 md-y50 lg-y50 res-text\">\n                                <div class=\"text-box-content text dark\">\n              \n              <div class=\"text-inner text-center\">\n                  \n\n\n              <\/div>\n           <\/div>\n                            \n<style>\n#text-box-1851282082 {\n  width: 60%;\n}\n#text-box-1851282082 .text-box-content {\n  font-size: 100%;\n}\n@media (min-width:550px) {\n  #text-box-1851282082 {\n    width: 60%;\n  }\n}\n<\/style>\n    <\/div>\n \n\n        <\/div>\n      <\/div>\n\n            \n<style>\n#banner-1580273776 {\n  padding-top: 30%;\n}\n#banner-1580273776 .overlay {\n  background-color: rgba(27, 27, 27, 0.622);\n}\n#banner-1580273776 .banner-bg img {\n  object-position: 0% 0%;\n}\n<\/style>\n  <\/div>\n\n\n\n  <div class=\"banner has-hover show-for-small\" id=\"banner-806412661\">\n          <div class=\"banner-inner fill\">\n        <div class=\"banner-bg fill\" >\n            <img loading=\"lazy\" decoding=\"async\" width=\"2560\" height=\"1709\" src=\"http:\/\/petervalentovic.com\/wp-content\/uploads\/2024\/12\/DSC_2701-Edit-2-scaled.jpg\" class=\"bg attachment-original size-original\" alt=\"\" \/>                        <div class=\"overlay\"><\/div>            \n                    <\/div>\n\t\t\n        <div class=\"banner-layers container\">\n            <div class=\"fill banner-link\"><\/div>            \n\n   <div id=\"text-box-1582750505\" class=\"text-box banner-layer x50 md-x50 lg-x50 y50 md-y50 lg-y50 res-text\">\n                                <div class=\"text-box-content text dark\">\n              \n              <div class=\"text-inner text-center\">\n                  \n\n\n              <\/div>\n           <\/div>\n                            \n<style>\n#text-box-1582750505 {\n  width: 60%;\n}\n#text-box-1582750505 .text-box-content {\n  font-size: 100%;\n}\n@media (min-width:550px) {\n  #text-box-1582750505 {\n    width: 60%;\n  }\n}\n<\/style>\n    <\/div>\n \n\n        <\/div>\n      <\/div>\n\n            \n<style>\n#banner-806412661 {\n  padding-top: 99.99%;\n}\n#banner-806412661 .overlay {\n  background-color: rgba(27, 27, 27, 0.622);\n}\n#banner-806412661 .banner-bg img {\n  object-position: 27% 3%;\n}\n@media (min-width:550px) {\n  #banner-806412661 {\n    padding-top: 500px;\n  }\n}\n<\/style>\n  <\/div>\n\n\n\n\t<section class=\"section dark hide-for-medium\" id=\"section_1642847541\">\n\t\t<div class=\"section-bg fill\" >\n\t\t\t\t\t\t\t\t\t\n\t\t\t\n\n\t\t<\/div>\n\n\t\t\n\n\t\t<div class=\"section-content relative\">\n\t\t\t\n\n<div class=\"row\"  id=\"row-858803935\">\n\n\n\t<div id=\"col-1729427307\" class=\"col small-12 large-12\"  data-animate=\"fadeInUp\">\n\t\t\t\t<div class=\"col-inner\"  >\n\t\t\t\n\t\t\t\n\n\t<div id=\"text-370917577\" class=\"text\">\n\t\t\n\n<h2 class=\"uppercase\">Srdcom dirigent, du\u0161ou umelec<\/h2>\n\t\t\n<style>\n#text-370917577 {\n  font-size: 1.85rem;\n  text-align: center;\n}\n@media (min-width:850px) {\n  #text-370917577 {\n    font-size: 2.35rem;\n  }\n}\n<\/style>\n\t<\/div>\n\t\n\t<div id=\"gap-1385333066\" class=\"gap-element clearfix\" style=\"display:block; height:auto;\">\n\t\t\n<style>\n#gap-1385333066 {\n  padding-top: 50px;\n}\n<\/style>\n\t<\/div>\n\t\n\n<div class=\"row\"  id=\"row-99619339\">\n\n\n\t<div id=\"col-1206826153\" class=\"col medium-4 small-12 large-4\"  >\n\t\t\t\t<div class=\"col-inner\"  >\n\t\t\t\n\t\t\t\n\n\t<div id=\"text-1115403309\" class=\"text\">\n\t\t\n\n<p class=\"lead\">\u00daVOD A ZA\u010cIATKY KARI\u00c9RY<\/p>\n\t\t\n<style>\n#text-1115403309 {\n  font-size: 0.75rem;\n}\n<\/style>\n\t<\/div>\n\t\n\n\t\t<\/div>\n\t\t\t\t\n<style>\n#col-1206826153 > .col-inner {\n  margin: 0px 0px -20px 0px;\n}\n<\/style>\n\t<\/div>\n\n\t\n\n\t<div id=\"col-232113535\" class=\"col medium-8 small-12 large-8\"  >\n\t\t\t\t<div class=\"col-inner\"  >\n\t\t\t\n\t\t\t\n\n<p>Peter Valentovi\u010d za\u010dal svoju kari\u00e9ru ako klavirista a korepet\u00edtor. \u0160tudoval na Konzervat\u00f3riu v Bratislave pod veden\u00edm E. Pappovej (klav\u00edr) a J. Karabu (dirigovanie). V klav\u00edrnej hre sa zdokona\u013eoval na kurzoch u M. Lap\u0161ansk\u00e9ho a E. Indji\u0107a v Pie\u0161\u0165anoch.<\/p>\n\n\t\t<\/div>\n\t\t\t\t\n<style>\n#col-232113535 > .col-inner {\n  margin: 0px 0px -20px 0px;\n}\n<\/style>\n\t<\/div>\n\n\t\n\n<\/div>\n<div class=\"is-divider divider clearfix\" style=\"max-width:100%;height:1px;\"><\/div>\n\n\t<div id=\"gap-2100630563\" class=\"gap-element clearfix\" style=\"display:block; height:auto;\">\n\t\t\n<style>\n#gap-2100630563 {\n  padding-top: 30px;\n}\n<\/style>\n\t<\/div>\n\t\n\n<div class=\"row\"  id=\"row-588315428\">\n\n\n\t<div id=\"col-2013148522\" class=\"col medium-4 small-12 large-4\"  >\n\t\t\t\t<div class=\"col-inner\"  >\n\t\t\t\n\t\t\t\n\n\t<div id=\"text-3668044004\" class=\"text\">\n\t\t\n\n<p class=\"lead\">VYSOKO\u0160KOLSK\u00c9 VZDELANIE A \u0160TIPENDI\u00c1<\/p>\n\t\t\n<style>\n#text-3668044004 {\n  font-size: 0.75rem;\n}\n<\/style>\n\t<\/div>\n\t\n\n\t\t<\/div>\n\t\t\t\t\n<style>\n#col-2013148522 > .col-inner {\n  margin: 0px 0px -20px 0px;\n}\n<\/style>\n\t<\/div>\n\n\t\n\n\t<div id=\"col-234279050\" class=\"col medium-8 small-12 large-8\"  >\n\t\t\t\t<div class=\"col-inner\"  >\n\t\t\t\n\t\t\t\n\n<p>Pokra\u010doval na Universit\u00e4t f\u00fcr Musik und darstellende Kunst vo Viedni, kde \u0161tudoval dirigovanie u L. Hagera, opern\u00fa korepet\u00edciu u K. Leitnera a zborov\u00e9 dirigovanie u G. Theuringa. Bol ocenen\u00fd \u0161peci\u00e1lnym \u0161tipendiom Viktora Bunzla a z\u00edskal aj \u0161tipendium \u201eStarthilfe\u201c za najlep\u0161ie umiestnenie na prij\u00edmac\u00edch pohovoroch. Svoje vzdelanie si doplnil na prest\u00ed\u017enom Conservatoire national superi\u00e9ur de musique et de danse v Par\u00ed\u017ei pod veden\u00edm Zsolta Nagya.<\/p>\n\n\t\t<\/div>\n\t\t\t\t\n<style>\n#col-234279050 > .col-inner {\n  margin: 0px 0px -20px 0px;\n}\n<\/style>\n\t<\/div>\n\n\t\n\n<\/div>\n<div class=\"is-divider divider clearfix\" style=\"max-width:100%;height:1px;\"><\/div>\n\n\t<div id=\"gap-929316296\" class=\"gap-element clearfix\" style=\"display:block; height:auto;\">\n\t\t\n<style>\n#gap-929316296 {\n  padding-top: 30px;\n}\n<\/style>\n\t<\/div>\n\t\n\n<div class=\"row\"  id=\"row-1873003416\">\n\n\n\t<div id=\"col-16467382\" class=\"col medium-4 small-12 large-4\"  >\n\t\t\t\t<div class=\"col-inner\"  >\n\t\t\t\n\t\t\t\n\n\t<div id=\"text-1848688629\" class=\"text\">\n\t\t\n\n<p class=\"lead\">ZA\u010cIATKY DIRIGENTSKEJ KARI\u00c9RY<\/p>\n\t\t\n<style>\n#text-1848688629 {\n  font-size: 0.75rem;\n}\n<\/style>\n\t<\/div>\n\t\n\n\t\t<\/div>\n\t\t\t\t\n<style>\n#col-16467382 > .col-inner {\n  margin: 0px 0px -20px 0px;\n}\n<\/style>\n\t<\/div>\n\n\t\n\n\t<div id=\"col-49652145\" class=\"col medium-8 small-12 large-8\"  >\n\t\t\t\t<div class=\"col-inner\"  >\n\t\t\t\n\t\t\t\n\n<p>Prv\u00fd symfonick\u00fd koncert dirigoval ako 20-ro\u010dn\u00fd (D. \u0160ostakovi\u010d: Komorn\u00e1 symf\u00f3nia) v Portugalsku, prv\u00fa operu (W. A. Mozart: Figarova svadba) ako 21-ro\u010dn\u00fd vo Viedni.<\/p>\n\n\t\t<\/div>\n\t\t\t\t\n<style>\n#col-49652145 > .col-inner {\n  margin: 0px 0px -20px 0px;\n}\n<\/style>\n\t<\/div>\n\n\t\n\n<\/div>\n<div class=\"is-divider divider clearfix\" style=\"max-width:100%;height:1px;\"><\/div>\n\n\t<div id=\"gap-1506675226\" class=\"gap-element clearfix\" style=\"display:block; height:auto;\">\n\t\t\n<style>\n#gap-1506675226 {\n  padding-top: 30px;\n}\n<\/style>\n\t<\/div>\n\t\n\n<div class=\"row\"  id=\"row-953076827\">\n\n\n\t<div id=\"col-994561815\" class=\"col medium-4 small-12 large-4\"  >\n\t\t\t\t<div class=\"col-inner\"  >\n\t\t\t\n\t\t\t\n\n\t<div id=\"text-2083182527\" class=\"text\">\n\t\t\n\n<p class=\"lead\">MEDZIN\u00c1RODN\u00c9 UZNANIE A SPOLUPR\u00c1CE<\/p>\n\t\t\n<style>\n#text-2083182527 {\n  font-size: 0.75rem;\n}\n<\/style>\n\t<\/div>\n\t\n\n\t\t<\/div>\n\t\t\t\t\n<style>\n#col-994561815 > .col-inner {\n  margin: 0px 0px -20px 0px;\n}\n<\/style>\n\t<\/div>\n\n\t\n\n\t<div id=\"col-1290055108\" class=\"col medium-8 small-12 large-8\"  >\n\t\t\t\t<div class=\"col-inner\"  >\n\t\t\t\n\t\t\t\n\n<p>Peter Valentovi\u010d patr\u00ed v\u010faka svojej muzikalite, flexibilite a reperto\u00e1rovej v\u0161estrannosti k medzin\u00e1rodne \u017eiadan\u00fdm slovensk\u00fdm umelcom. Ako klavirista \u00fa\u010dinkoval s Radio-Symphonieorchester Wien, s ktor\u00fdm koncertoval aj na prest\u00ed\u017enych podujatiach ako Salzburger Festspiele, Wien Modern \u010di Wiener Festwochen. Bol tie\u017e korepet\u00edtorom a asistentom E. Ortnera v Arnold Sch\u00f6nberg Chor vo Viedni. V Par\u00ed\u017ei bol hos\u0165uj\u00facim korepet\u00edtorom v Op\u00e9ra Bastille a v Th\u00e9\u00e2tre du Ch\u00e2telet, kde mal o. i. mo\u017enos\u0165 spolupr\u00e1ce so svetozn\u00e1mym dirigentom J. E. Gardinerom.<\/p>\n\n\t\t<\/div>\n\t\t\t\t\n<style>\n#col-1290055108 > .col-inner {\n  margin: 0px 0px -20px 0px;\n}\n<\/style>\n\t<\/div>\n\n\t\n\n<\/div>\n<div class=\"is-divider divider clearfix\" style=\"max-width:100%;height:1px;\"><\/div>\n\n\t<div id=\"gap-1206558248\" class=\"gap-element clearfix\" style=\"display:block; height:auto;\">\n\t\t\n<style>\n#gap-1206558248 {\n  padding-top: 30px;\n}\n<\/style>\n\t<\/div>\n\t\n\n<div class=\"row\"  id=\"row-1584029308\">\n\n\n\t<div id=\"col-368833136\" class=\"col medium-4 small-12 large-4\"  >\n\t\t\t\t<div class=\"col-inner\"  >\n\t\t\t\n\t\t\t\n\n\t<div id=\"text-2378890151\" class=\"text\">\n\t\t\n\n<p class=\"lead\">SPOLUPR\u00c1CA S EDITOU GRUBEROVOU<\/p>\n\t\t\n<style>\n#text-2378890151 {\n  font-size: 0.75rem;\n}\n<\/style>\n\t<\/div>\n\t\n\n\t\t<\/div>\n\t\t\t\t\n<style>\n#col-368833136 > .col-inner {\n  margin: 0px 0px -20px 0px;\n}\n<\/style>\n\t<\/div>\n\n\t\n\n\t<div id=\"col-1697050743\" class=\"col medium-8 small-12 large-8\"  >\n\t\t\t\t<div class=\"col-inner\"  >\n\t\t\t\n\t\t\t\n\n<p>V\u00fdznamnou je jeho klav\u00edrna i dirigentsk\u00e1 spolupr\u00e1ca so slovenskou opernou divou Editou Gruberovou, v\u010faka ktorej \u00fa\u010dinkoval v mil\u00e1nskej La Scale, vo Viedenskej \u0161t\u00e1tnej opere, v Opere v Z\u00fcrichu, v Bavorskej \u0161t\u00e1tnej opere, vo Frankfurtskej opere, v Baden Baden Festspielhause, v Opere v Budape\u0161ti a vo viacer\u00fdch japonsk\u00fdch mest\u00e1ch.<\/p>\n\n\t\t<\/div>\n\t\t\t\t\n<style>\n#col-1697050743 > .col-inner {\n  margin: 0px 0px -20px 0px;\n}\n<\/style>\n\t<\/div>\n\n\t\n\n<\/div>\n<div class=\"is-divider divider clearfix\" style=\"max-width:100%;height:1px;\"><\/div>\n\n\t<div id=\"gap-309463285\" class=\"gap-element clearfix\" style=\"display:block; height:auto;\">\n\t\t\n<style>\n#gap-309463285 {\n  padding-top: 30px;\n}\n<\/style>\n\t<\/div>\n\t\n\n<div class=\"row\"  id=\"row-1667842400\">\n\n\n\t<div id=\"col-1114283483\" class=\"col medium-4 small-12 large-4\"  >\n\t\t\t\t<div class=\"col-inner\"  >\n\t\t\t\n\t\t\t\n\n\t<div id=\"text-1567312791\" class=\"text\">\n\t\t\n\n<p class=\"lead\">SPOLUPR\u00c1CA SO ZAHRANI\u010cN\u00ddMI OPERN\u00ddMI DOMAMI<\/p>\n\t\t\n<style>\n#text-1567312791 {\n  font-size: 0.75rem;\n}\n<\/style>\n\t<\/div>\n\t\n\n\t\t<\/div>\n\t\t\t\t\n<style>\n#col-1114283483 > .col-inner {\n  margin: 0px 0px -20px 0px;\n}\n<\/style>\n\t<\/div>\n\n\t\n\n\t<div id=\"col-118003921\" class=\"col medium-8 small-12 large-8\"  >\n\t\t\t\t<div class=\"col-inner\"  >\n\t\t\t\n\t\t\t\n\n<p>D\u00f4le\u017eitou s\u00fa\u010das\u0165ou dirigentskej kari\u00e9ry Petra Valentovi\u010da je spolupr\u00e1ca so zahrani\u010dn\u00fdmi opern\u00fdmi domami. Bol hlavn\u00fdm zbormajstrom a dirigentom v Cape Town Opera (Ju\u017en\u00e1 Afrika), hlavn\u00fdm dirigentom \u0160t\u00e1tnej opery v Istanbule \u010di hos\u0165uj\u00facim hudobn\u00fdm asistentom a jazykov\u00fdm expertom na rusk\u00fd a \u010desk\u00fd reperto\u00e1r vo Viedenskej \u0161t\u00e1tnej opere, kde asistoval \u0161\u00e9fdirigentovi F. Welserovi.<\/p>\n\n\t\t<\/div>\n\t\t\t\t\n<style>\n#col-118003921 > .col-inner {\n  margin: 0px 0px -20px 0px;\n}\n<\/style>\n\t<\/div>\n\n\t\n\n<\/div>\n<div class=\"is-divider divider clearfix\" style=\"max-width:100%;height:1px;\"><\/div>\n\n\t<div id=\"gap-1989989574\" class=\"gap-element clearfix\" style=\"display:block; height:auto;\">\n\t\t\n<style>\n#gap-1989989574 {\n  padding-top: 30px;\n}\n<\/style>\n\t<\/div>\n\t\n\n<div class=\"row\"  id=\"row-1040339072\">\n\n\n\t<div id=\"col-1317991467\" class=\"col medium-4 small-12 large-4\"  >\n\t\t\t\t<div class=\"col-inner\"  >\n\t\t\t\n\t\t\t\n\n\t<div id=\"text-3821425825\" class=\"text\">\n\t\t\n\n<p class=\"lead\">RENOMOVAN\u00c9 SVETOV\u00c9 P\u00d3DI\u00c1<\/p>\n\t\t\n<style>\n#text-3821425825 {\n  font-size: 0.75rem;\n}\n<\/style>\n\t<\/div>\n\t\n\n\t\t<\/div>\n\t\t\t\t\n<style>\n#col-1317991467 > .col-inner {\n  margin: 0px 0px -20px 0px;\n}\n<\/style>\n\t<\/div>\n\n\t\n\n\t<div id=\"col-776951044\" class=\"col medium-8 small-12 large-8\"  >\n\t\t\t\t<div class=\"col-inner\"  >\n\t\t\t\n\t\t\t\n\n<p>Ako jeden z m\u00e1la mlad\u00fdch slovensk\u00fdch dirigentov \u00fa\u010dinkoval Peter Valentovi\u010d na renomovan\u00fdch svetov\u00fdch p\u00f3di\u00e1ch ako Tonhalle Z\u00fcrich, Theater an der Wien, Wiener Konzerthaus, Deutsche Oper Berlin, Staatsoper Berlin, Prinzregententheater a Gasteig v Mn\u00edchove, Staatsoper Hannover, Konzerthaus v Dortmunde a v Essene \u010di Pra\u017esk\u00e9 n\u00e1rodn\u00e9 divadlo.<\/p>\n\n\t\t<\/div>\n\t\t\t\t\n<style>\n#col-776951044 > .col-inner {\n  margin: 0px 0px -20px 0px;\n}\n<\/style>\n\t<\/div>\n\n\t\n\n<\/div>\n<div class=\"is-divider divider clearfix\" style=\"max-width:100%;height:1px;\"><\/div>\n\n\t<div id=\"gap-976815535\" class=\"gap-element clearfix\" style=\"display:block; height:auto;\">\n\t\t\n<style>\n#gap-976815535 {\n  padding-top: 30px;\n}\n<\/style>\n\t<\/div>\n\t\n\n<div class=\"row\"  id=\"row-762386556\">\n\n\n\t<div id=\"col-1259930926\" class=\"col medium-4 small-12 large-4\"  >\n\t\t\t\t<div class=\"col-inner\"  >\n\t\t\t\n\t\t\t\n\n\t<div id=\"text-563329157\" class=\"text\">\n\t\t\n\n<p class=\"lead\">SPOLUPR\u00c1CA SO SYMFONICK\u00ddMI ORCHESTRAMI<\/p>\n\t\t\n<style>\n#text-563329157 {\n  font-size: 0.75rem;\n}\n<\/style>\n\t<\/div>\n\t\n\n\t\t<\/div>\n\t\t\t\t\n<style>\n#col-1259930926 > .col-inner {\n  margin: 0px 0px -20px 0px;\n}\n<\/style>\n\t<\/div>\n\n\t\n\n\t<div id=\"col-1832316759\" class=\"col medium-8 small-12 large-8\"  >\n\t\t\t\t<div class=\"col-inner\"  >\n\t\t\t\n\t\t\t\n\n<p>Okrem medzin\u00e1rodnej kari\u00e9ry opern\u00e9ho dirigenta je Peter Valentovi\u010d poz\u00fdvan\u00fd dirigova\u0165 aj popredn\u00e9 symfonick\u00e9 orchestre v Eur\u00f3pe a z\u00e1mor\u00ed (Welsh National Orchestra, SWR Symphonieorchester Baden-Baden, M\u00fcnchner Symphoniker, Symphonieorchester des Bayerischen Rundfunks, Dortmunder Philharmoniker, N\u00fcrnberger Philharmoniker, Staatskapelle Berlin, Philharmonie Essen, Pra\u017esk\u00e1 filharm\u00f3nia, Symfonick\u00fd orchester hlavn\u00e9ho mesta Prahy FOK, \u010cesk\u00fd n\u00e1rodn\u00fd symfonick\u00fd orchester, Jan\u00e1\u010dkova Filharm\u00f3nie Ostrava, Moravsk\u00e1 Filharm\u00f3nie Olomouc, Haydn Orchestra Bolzano e Trento, Budape\u0161tianska n\u00e1rodn\u00e1 filharm\u00f3nia, New Japan Philharmonic, Tokyo Philharmonic Orchestra, Osaka Symphony Orchestra, Sapporo Symphony Orchestra). Minul\u00fd rok debutoval ako dirigent v \u010c\u00edne s China Philharmonic Orchestra, Shanghai Symphony Orchestra, Xiamen Philharmonic a Guangzhou Symphony Orchestra.<\/p>\n\n\t\t<\/div>\n\t\t\t\t\n<style>\n#col-1832316759 > .col-inner {\n  margin: 0px 0px -20px 0px;\n}\n<\/style>\n\t<\/div>\n\n\t\n\n<\/div>\n<div class=\"is-divider divider clearfix\" style=\"max-width:100%;height:1px;\"><\/div>\n\n\t<div id=\"gap-379481864\" class=\"gap-element clearfix\" style=\"display:block; height:auto;\">\n\t\t\n<style>\n#gap-379481864 {\n  padding-top: 30px;\n}\n<\/style>\n\t<\/div>\n\t\n\n<div class=\"row\"  id=\"row-1410896071\">\n\n\n\t<div id=\"col-1488461108\" class=\"col medium-4 small-12 large-4\"  >\n\t\t\t\t<div class=\"col-inner\"  >\n\t\t\t\n\t\t\t\n\n\t<div id=\"text-483503705\" class=\"text\">\n\t\t\n\n<p class=\"lead\">P\u00d4SOBENIE NA SLOVENSKU<\/p>\n\t\t\n<style>\n#text-483503705 {\n  font-size: 0.75rem;\n}\n<\/style>\n\t<\/div>\n\t\n\n\t\t<\/div>\n\t\t\t\t\t<\/div>\n\n\t\n\n\t<div id=\"col-465143602\" class=\"col medium-8 small-12 large-8\"  >\n\t\t\t\t<div class=\"col-inner\"  >\n\t\t\t\n\t\t\t\n\n<p>Na Slovensku pravidelne hos\u0165uje v Slovenskom n\u00e1rodnom divadle, kde na\u0161tudoval viacer\u00e9 opern\u00e9 a baletn\u00e9 predstavenia. Opakovane spolupracuje so Slovenskou filharm\u00f3niou a so \u0160t\u00e1tnou filharm\u00f3niou Ko\u0161ice, a v \u0160t\u00e1tnom divadle Ko\u0161ice. P\u00f4sobil aj ako \u0161\u00e9fdirigent Symfonick\u00e9ho orchestra Slovensk\u00e9ho rozhlasu. Moment\u00e1lne zast\u00e1va Peter Valentovi\u010d post \u0161\u00e9fdirigenta v N\u00e1rodnom Divadle Ko\u0161ice.<\/p>\n\n\t\t<\/div>\n\t\t\t\t\t<\/div>\n\n\t\n\n<\/div>\n\n\t\t<\/div>\n\t\t\t\t\n<style>\n#col-1729427307 > .col-inner {\n  padding: 0px 0px 0px 0px;\n  margin: -125px 0px 0px 0px;\n}\n@media (min-width:550px) {\n  #col-1729427307 > .col-inner {\n    margin: -70px 0px 0px 0px;\n  }\n}\n<\/style>\n\t<\/div>\n\n\t\n\n<\/div>\n\n\t\t<\/div>\n\n\t\t\n<style>\n#section_1642847541 {\n  padding-top: 30px;\n  padding-bottom: 30px;\n  background-color: rgb(29, 29, 29);\n}\n<\/style>\n\t<\/section>\n\t\n\n\t<section class=\"section dark show-for-medium\" id=\"section_1602660658\">\n\t\t<div class=\"section-bg fill\" >\n\t\t\t\t\t\t\t\t\t\n\t\t\t\n\n\t\t<\/div>\n\n\t\t\n\n\t\t<div class=\"section-content relative\">\n\t\t\t\n\n<div class=\"row\"  id=\"row-2047699490\">\n\n\n\t<div id=\"col-351983320\" class=\"col small-12 large-12\"  data-animate=\"fadeInUp\">\n\t\t\t\t<div class=\"col-inner\"  >\n\t\t\t\n\t\t\t\n\n\t<div id=\"text-253708935\" class=\"text\">\n\t\t\n\n<h2 class=\"uppercase\">Srdcom dirigent,<br \/>du\u0161ou umelec<\/h2>\n\t\t\n<style>\n#text-253708935 {\n  font-size: 1.95rem;\n  text-align: center;\n}\n@media (min-width:550px) {\n  #text-253708935 {\n    font-size: 2.35rem;\n  }\n}\n<\/style>\n\t<\/div>\n\t\n\t<div id=\"gap-1129426247\" class=\"gap-element clearfix\" style=\"display:block; height:auto;\">\n\t\t\n<style>\n#gap-1129426247 {\n  padding-top: 50px;\n}\n<\/style>\n\t<\/div>\n\t\n\n<div class=\"row\"  id=\"row-1756101883\">\n\n\n\t<div id=\"col-1021668181\" class=\"col medium-4 small-12 large-4\"  >\n\t\t\t\t<div class=\"col-inner\"  >\n\t\t\t\n\t\t\t\n\n\t<div id=\"text-2150775371\" class=\"text\">\n\t\t\n\n<p class=\"lead\">\u00daVOD A ZA\u010cIATKY KARI\u00c9RY<\/p>\n\t\t\n<style>\n#text-2150775371 {\n  font-size: 0.75rem;\n}\n<\/style>\n\t<\/div>\n\t\n\n\t\t<\/div>\n\t\t\t\t\n<style>\n#col-1021668181 > .col-inner {\n  margin: 0px 0px -20px 0px;\n}\n<\/style>\n\t<\/div>\n\n\t\n\n\t<div id=\"col-1805447018\" class=\"col medium-8 small-12 large-8\"  >\n\t\t\t\t<div class=\"col-inner\"  >\n\t\t\t\n\t\t\t\n\n<p>Peter Valentovi\u010d za\u010dal svoju kari\u00e9ru ako klavirista a korepet\u00edtor. \u0160tudoval na Konzervat\u00f3riu v Bratislave pod veden\u00edm E. Pappovej (klav\u00edr) a J. Karabu (dirigovanie). V klav\u00edrnej hre sa zdokona\u013eoval na kurzoch u M. Lap\u0161ansk\u00e9ho a E. Indji\u0107a v Pie\u0161\u0165anoch.<\/p>\n\n\t\t<\/div>\n\t\t\t\t\n<style>\n#col-1805447018 > .col-inner {\n  margin: 0px 0px -20px 0px;\n}\n<\/style>\n\t<\/div>\n\n\t\n\n<\/div>\n<div class=\"is-divider divider clearfix\" style=\"max-width:100%;height:1px;\"><\/div>\n\n\t<div id=\"gap-1791378899\" class=\"gap-element clearfix\" style=\"display:block; height:auto;\">\n\t\t\n<style>\n#gap-1791378899 {\n  padding-top: 30px;\n}\n<\/style>\n\t<\/div>\n\t\n\n<div class=\"row\"  id=\"row-239073721\">\n\n\n\t<div id=\"col-2113859757\" class=\"col medium-4 small-12 large-4\"  >\n\t\t\t\t<div class=\"col-inner\"  >\n\t\t\t\n\t\t\t\n\n\t<div id=\"text-2232936112\" class=\"text\">\n\t\t\n\n<p class=\"lead\">VYSOKO\u0160KOLSK\u00c9 VZDELANIE A \u0160TIPENDI\u00c1<\/p>\n\t\t\n<style>\n#text-2232936112 {\n  font-size: 0.75rem;\n}\n<\/style>\n\t<\/div>\n\t\n\n\t\t<\/div>\n\t\t\t\t\n<style>\n#col-2113859757 > .col-inner {\n  margin: 0px 0px -20px 0px;\n}\n<\/style>\n\t<\/div>\n\n\t\n\n\t<div id=\"col-205438041\" class=\"col medium-8 small-12 large-8\"  >\n\t\t\t\t<div class=\"col-inner\"  >\n\t\t\t\n\t\t\t\n\n<p>Pokra\u010doval na Universit\u00e4t f\u00fcr Musik und darstellende Kunst vo Viedni, kde \u0161tudoval dirigovanie u L. Hagera, opern\u00fa korepet\u00edciu u K. Leitnera a zborov\u00e9 dirigovanie u G. Theuringa. Bol ocenen\u00fd \u0161peci\u00e1lnym \u0161tipendiom Viktora Bunzla a z\u00edskal aj \u0161tipendium \u201eStarthilfe\u201c za najlep\u0161ie umiestnenie na prij\u00edmac\u00edch pohovoroch. Svoje vzdelanie si doplnil na prest\u00ed\u017enom Conservatoire national superi\u00e9ur de musique et de danse v Par\u00ed\u017ei pod veden\u00edm Zsolta Nagya.<\/p>\n\n\t\t<\/div>\n\t\t\t\t\n<style>\n#col-205438041 > .col-inner {\n  margin: 0px 0px -20px 0px;\n}\n<\/style>\n\t<\/div>\n\n\t\n\n<\/div>\n<div class=\"is-divider divider clearfix\" style=\"max-width:100%;height:1px;\"><\/div>\n\n\t<div id=\"gap-919520930\" class=\"gap-element clearfix\" style=\"display:block; height:auto;\">\n\t\t\n<style>\n#gap-919520930 {\n  padding-top: 30px;\n}\n<\/style>\n\t<\/div>\n\t\n\n<div class=\"row\"  id=\"row-507507474\">\n\n\n\t<div id=\"col-1496762035\" class=\"col medium-4 small-12 large-4\"  >\n\t\t\t\t<div class=\"col-inner\"  >\n\t\t\t\n\t\t\t\n\n\t<div id=\"text-987308387\" class=\"text\">\n\t\t\n\n<p class=\"lead\">ZA\u010cIATKY DIRIGENTSKEJ KARI\u00c9RY<\/p>\n\t\t\n<style>\n#text-987308387 {\n  font-size: 0.75rem;\n}\n<\/style>\n\t<\/div>\n\t\n\n\t\t<\/div>\n\t\t\t\t\n<style>\n#col-1496762035 > .col-inner {\n  margin: 0px 0px -20px 0px;\n}\n<\/style>\n\t<\/div>\n\n\t\n\n\t<div id=\"col-1389128264\" class=\"col medium-8 small-12 large-8\"  >\n\t\t\t\t<div class=\"col-inner\"  >\n\t\t\t\n\t\t\t\n\n<p>Prv\u00fd symfonick\u00fd koncert dirigoval ako 20-ro\u010dn\u00fd (D. \u0160ostakovi\u010d: Komorn\u00e1 symf\u00f3nia) v Portugalsku, prv\u00fa operu (W. A. Mozart: Figarova svadba) ako 21-ro\u010dn\u00fd vo Viedni.<\/p>\n\n\t\t<\/div>\n\t\t\t\t\n<style>\n#col-1389128264 > .col-inner {\n  margin: 0px 0px -20px 0px;\n}\n<\/style>\n\t<\/div>\n\n\t\n\n<\/div>\n<div class=\"is-divider divider clearfix\" style=\"max-width:100%;height:1px;\"><\/div>\n\n\t<div id=\"gap-816329192\" class=\"gap-element clearfix\" style=\"display:block; height:auto;\">\n\t\t\n<style>\n#gap-816329192 {\n  padding-top: 30px;\n}\n<\/style>\n\t<\/div>\n\t\n\n<div class=\"row\"  id=\"row-363928998\">\n\n\n\t<div id=\"col-1535785494\" class=\"col medium-4 small-12 large-4\"  >\n\t\t\t\t<div class=\"col-inner\"  >\n\t\t\t\n\t\t\t\n\n\t<div id=\"text-2948530487\" class=\"text\">\n\t\t\n\n<p class=\"lead\">MEDZIN\u00c1RODN\u00c9 UZNANIE A SPOLUPR\u00c1CE<\/p>\n\t\t\n<style>\n#text-2948530487 {\n  font-size: 0.75rem;\n}\n<\/style>\n\t<\/div>\n\t\n\n\t\t<\/div>\n\t\t\t\t\n<style>\n#col-1535785494 > .col-inner {\n  margin: 0px 0px -20px 0px;\n}\n<\/style>\n\t<\/div>\n\n\t\n\n\t<div id=\"col-748320993\" class=\"col medium-8 small-12 large-8\"  >\n\t\t\t\t<div class=\"col-inner\"  >\n\t\t\t\n\t\t\t\n\n<p>Peter Valentovi\u010d patr\u00ed v\u010faka svojej muzikalite, flexibilite a reperto\u00e1rovej v\u0161estrannosti k medzin\u00e1rodne \u017eiadan\u00fdm slovensk\u00fdm umelcom. Ako klavirista \u00fa\u010dinkoval s Radio-Symphonieorchester Wien, s ktor\u00fdm koncertoval aj na prest\u00ed\u017enych podujatiach ako Salzburger Festspiele, Wien Modern \u010di Wiener Festwochen. Bol tie\u017e korepet\u00edtorom a asistentom E. Ortnera v Arnold Sch\u00f6nberg Chor vo Viedni. V Par\u00ed\u017ei bol hos\u0165uj\u00facim korepet\u00edtorom v Op\u00e9ra Bastille a v Th\u00e9\u00e2tre du Ch\u00e2telet, kde mal o. i. mo\u017enos\u0165 spolupr\u00e1ce so svetozn\u00e1mym dirigentom J. E. Gardinerom.<\/p>\n\n\t\t<\/div>\n\t\t\t\t\n<style>\n#col-748320993 > .col-inner {\n  margin: 0px 0px -20px 0px;\n}\n<\/style>\n\t<\/div>\n\n\t\n\n<\/div>\n<div class=\"is-divider divider clearfix\" style=\"max-width:100%;height:1px;\"><\/div>\n\n\t<div id=\"gap-860821497\" class=\"gap-element clearfix\" style=\"display:block; height:auto;\">\n\t\t\n<style>\n#gap-860821497 {\n  padding-top: 30px;\n}\n<\/style>\n\t<\/div>\n\t\n\n<div class=\"row\"  id=\"row-1153557894\">\n\n\n\t<div id=\"col-2011819107\" class=\"col medium-4 small-12 large-4\"  >\n\t\t\t\t<div class=\"col-inner\"  >\n\t\t\t\n\t\t\t\n\n\t<div id=\"text-1984235029\" class=\"text\">\n\t\t\n\n<p class=\"lead\">SPOLUPR\u00c1CA S EDITOU GRUBEROVOU<\/p>\n\t\t\n<style>\n#text-1984235029 {\n  font-size: 0.75rem;\n}\n<\/style>\n\t<\/div>\n\t\n\n\t\t<\/div>\n\t\t\t\t\n<style>\n#col-2011819107 > .col-inner {\n  margin: 0px 0px -20px 0px;\n}\n<\/style>\n\t<\/div>\n\n\t\n\n\t<div id=\"col-815696314\" class=\"col medium-8 small-12 large-8\"  >\n\t\t\t\t<div class=\"col-inner\"  >\n\t\t\t\n\t\t\t\n\n<p>V\u00fdznamnou je jeho klav\u00edrna i dirigentsk\u00e1 spolupr\u00e1ca so slovenskou opernou divou Editou Gruberovou, v\u010faka ktorej \u00fa\u010dinkoval v mil\u00e1nskej La Scale, vo Viedenskej \u0161t\u00e1tnej opere, v Opere v Z\u00fcrichu, v Bavorskej \u0161t\u00e1tnej opere, vo Frankfurtskej opere, v Baden Baden Festspielhause, v Opere v Budape\u0161ti a vo viacer\u00fdch japonsk\u00fdch mest\u00e1ch.<\/p>\n\n\t\t<\/div>\n\t\t\t\t\n<style>\n#col-815696314 > .col-inner {\n  margin: 0px 0px -20px 0px;\n}\n<\/style>\n\t<\/div>\n\n\t\n\n<\/div>\n<div class=\"is-divider divider clearfix\" style=\"max-width:100%;height:1px;\"><\/div>\n\n\t<div id=\"gap-1749798140\" class=\"gap-element clearfix\" style=\"display:block; height:auto;\">\n\t\t\n<style>\n#gap-1749798140 {\n  padding-top: 30px;\n}\n<\/style>\n\t<\/div>\n\t\n\n<div class=\"row\"  id=\"row-325528843\">\n\n\n\t<div id=\"col-1053320725\" class=\"col medium-4 small-12 large-4\"  >\n\t\t\t\t<div class=\"col-inner\"  >\n\t\t\t\n\t\t\t\n\n\t<div id=\"text-368088393\" class=\"text\">\n\t\t\n\n<p class=\"lead\">SPOLUPR\u00c1CA SO ZAHRANI\u010cN\u00ddMI OPERN\u00ddMI DOMAMI<\/p>\n\t\t\n<style>\n#text-368088393 {\n  font-size: 0.75rem;\n}\n<\/style>\n\t<\/div>\n\t\n\n\t\t<\/div>\n\t\t\t\t\n<style>\n#col-1053320725 > .col-inner {\n  margin: 0px 0px -20px 0px;\n}\n<\/style>\n\t<\/div>\n\n\t\n\n\t<div id=\"col-1301193780\" class=\"col medium-8 small-12 large-8\"  >\n\t\t\t\t<div class=\"col-inner\"  >\n\t\t\t\n\t\t\t\n\n<p>D\u00f4le\u017eitou s\u00fa\u010das\u0165ou dirigentskej kari\u00e9ry Petra Valentovi\u010da je spolupr\u00e1ca so zahrani\u010dn\u00fdmi opern\u00fdmi domami. Bol hlavn\u00fdm zbormajstrom a dirigentom v Cape Town Opera (Ju\u017en\u00e1 Afrika), hlavn\u00fdm dirigentom \u0160t\u00e1tnej opery v Istanbule \u010di hos\u0165uj\u00facim hudobn\u00fdm asistentom a jazykov\u00fdm expertom na rusk\u00fd a \u010desk\u00fd reperto\u00e1r vo Viedenskej \u0161t\u00e1tnej opere, kde asistoval \u0161\u00e9fdirigentovi F. Welserovi.<\/p>\n\n\t\t<\/div>\n\t\t\t\t\n<style>\n#col-1301193780 > .col-inner {\n  margin: 0px 0px -20px 0px;\n}\n<\/style>\n\t<\/div>\n\n\t\n\n<\/div>\n<div class=\"is-divider divider clearfix\" style=\"max-width:100%;height:1px;\"><\/div>\n\n\t<div id=\"gap-1020579528\" class=\"gap-element clearfix\" style=\"display:block; height:auto;\">\n\t\t\n<style>\n#gap-1020579528 {\n  padding-top: 30px;\n}\n<\/style>\n\t<\/div>\n\t\n\n<div class=\"row\"  id=\"row-1132931927\">\n\n\n\t<div id=\"col-726263605\" class=\"col medium-4 small-12 large-4\"  >\n\t\t\t\t<div class=\"col-inner\"  >\n\t\t\t\n\t\t\t\n\n\t<div id=\"text-3162336281\" class=\"text\">\n\t\t\n\n<p class=\"lead\">RENOMOVAN\u00c9 SVETOV\u00c9 P\u00d3DI\u00c1<\/p>\n\t\t\n<style>\n#text-3162336281 {\n  font-size: 0.75rem;\n}\n<\/style>\n\t<\/div>\n\t\n\n\t\t<\/div>\n\t\t\t\t\n<style>\n#col-726263605 > .col-inner {\n  margin: 0px 0px -20px 0px;\n}\n<\/style>\n\t<\/div>\n\n\t\n\n\t<div id=\"col-2142812242\" class=\"col medium-8 small-12 large-8\"  >\n\t\t\t\t<div class=\"col-inner\"  >\n\t\t\t\n\t\t\t\n\n<p>Ako jeden z m\u00e1la mlad\u00fdch slovensk\u00fdch dirigentov \u00fa\u010dinkoval Peter Valentovi\u010d na renomovan\u00fdch svetov\u00fdch p\u00f3di\u00e1ch ako Tonhalle Z\u00fcrich, Theater an der Wien, Wiener Konzerthaus, Deutsche Oper Berlin, Staatsoper Berlin, Prinzregententheater a Gasteig v Mn\u00edchove, Staatsoper Hannover, Konzerthaus v Dortmunde a v Essene \u010di Pra\u017esk\u00e9 n\u00e1rodn\u00e9 divadlo.<\/p>\n\n\t\t<\/div>\n\t\t\t\t\n<style>\n#col-2142812242 > .col-inner {\n  margin: 0px 0px -20px 0px;\n}\n<\/style>\n\t<\/div>\n\n\t\n\n<\/div>\n<div class=\"is-divider divider clearfix\" style=\"max-width:100%;height:1px;\"><\/div>\n\n\t<div id=\"gap-1562657812\" class=\"gap-element clearfix\" style=\"display:block; height:auto;\">\n\t\t\n<style>\n#gap-1562657812 {\n  padding-top: 30px;\n}\n<\/style>\n\t<\/div>\n\t\n\n<div class=\"row\"  id=\"row-1081195188\">\n\n\n\t<div id=\"col-842882073\" class=\"col medium-4 small-12 large-4\"  >\n\t\t\t\t<div class=\"col-inner\"  >\n\t\t\t\n\t\t\t\n\n\t<div id=\"text-1545921178\" class=\"text\">\n\t\t\n\n<p class=\"lead\">SPOLUPR\u00c1CA SO SYMFONICK\u00ddMI ORCHESTRAMI<\/p>\n\t\t\n<style>\n#text-1545921178 {\n  font-size: 0.75rem;\n}\n<\/style>\n\t<\/div>\n\t\n\n\t\t<\/div>\n\t\t\t\t\n<style>\n#col-842882073 > .col-inner {\n  margin: 0px 0px -20px 0px;\n}\n<\/style>\n\t<\/div>\n\n\t\n\n\t<div id=\"col-1463421258\" class=\"col medium-8 small-12 large-8\"  >\n\t\t\t\t<div class=\"col-inner\"  >\n\t\t\t\n\t\t\t\n\n<p>Okrem medzin\u00e1rodnej kari\u00e9ry opern\u00e9ho dirigenta je Peter Valentovi\u010d poz\u00fdvan\u00fd dirigova\u0165 aj popredn\u00e9 symfonick\u00e9 orchestre v Eur\u00f3pe a z\u00e1mor\u00ed (Welsh National Orchestra, SWR Symphonieorchester Baden-Baden, M\u00fcnchner Symphoniker, Symphonieorchester des Bayerischen Rundfunks, Dortmunder Philharmoniker, N\u00fcrnberger Philharmoniker, Staatskapelle Berlin, Philharmonie Essen, Pra\u017esk\u00e1 filharm\u00f3nia, Symfonick\u00fd orchester hlavn\u00e9ho mesta Prahy FOK, \u010cesk\u00fd n\u00e1rodn\u00fd symfonick\u00fd orchester, Jan\u00e1\u010dkova Filharm\u00f3nie Ostrava, Moravsk\u00e1 Filharm\u00f3nie Olomouc, Haydn Orchestra Bolzano e Trento, Budape\u0161tianska n\u00e1rodn\u00e1 filharm\u00f3nia, New Japan Philharmonic, Tokyo Philharmonic Orchestra, Osaka Symphony Orchestra, Sapporo Symphony Orchestra). Minul\u00fd rok debutoval ako dirigent v \u010c\u00edne s China Philharmonic Orchestra, Shanghai Symphony Orchestra, Xiamen Philharmonic a Guangzhou Symphony Orchestra.<\/p>\n\n\t\t<\/div>\n\t\t\t\t\n<style>\n#col-1463421258 > .col-inner {\n  margin: 0px 0px -20px 0px;\n}\n<\/style>\n\t<\/div>\n\n\t\n\n<\/div>\n<div class=\"is-divider divider clearfix\" style=\"max-width:100%;height:1px;\"><\/div>\n\n\t<div id=\"gap-1337937119\" class=\"gap-element clearfix\" style=\"display:block; height:auto;\">\n\t\t\n<style>\n#gap-1337937119 {\n  padding-top: 30px;\n}\n<\/style>\n\t<\/div>\n\t\n\n<div class=\"row\"  id=\"row-333680391\">\n\n\n\t<div id=\"col-1061285638\" class=\"col medium-4 small-12 large-4\"  >\n\t\t\t\t<div class=\"col-inner\"  >\n\t\t\t\n\t\t\t\n\n\t<div id=\"text-1168115640\" class=\"text\">\n\t\t\n\n<p class=\"lead\">P\u00d4SOBENIE NA SLOVENSKU<\/p>\n\t\t\n<style>\n#text-1168115640 {\n  font-size: 0.75rem;\n}\n<\/style>\n\t<\/div>\n\t\n\n\t\t<\/div>\n\t\t\t\t\n<style>\n#col-1061285638 > .col-inner {\n  margin: 0px 0px -20px 0px;\n}\n<\/style>\n\t<\/div>\n\n\t\n\n\t<div id=\"col-540549270\" class=\"col medium-8 small-12 large-8\"  >\n\t\t\t\t<div class=\"col-inner\"  >\n\t\t\t\n\t\t\t\n\n<p>Na Slovensku pravidelne hos\u0165uje v Slovenskom n\u00e1rodnom divadle, kde na\u0161tudoval viacer\u00e9 opern\u00e9 a baletn\u00e9 predstavenia. Opakovane spolupracuje so Slovenskou filharm\u00f3niou a so \u0160t\u00e1tnou filharm\u00f3niou Ko\u0161ice, a v \u0160t\u00e1tnom divadle Ko\u0161ice. P\u00f4sobil aj ako \u0161\u00e9fdirigent Symfonick\u00e9ho orchestra Slovensk\u00e9ho rozhlasu. Moment\u00e1lne zast\u00e1va Peter Valentovi\u010d post \u0161\u00e9fdirigenta v N\u00e1rodnom Divadle Ko\u0161ice.<\/p>\n\n\t\t<\/div>\n\t\t\t\t\t<\/div>\n\n\t\n\n<\/div>\n\n\t\t<\/div>\n\t\t\t\t\n<style>\n#col-351983320 > .col-inner {\n  padding: 0px 0px 0px 0px;\n  margin: -93px 0px 0px 0px;\n}\n@media (min-width:550px) {\n  #col-351983320 > .col-inner {\n    margin: -70px 0px 0px 0px;\n  }\n}\n<\/style>\n\t<\/div>\n\n\t\n\n<\/div>\n\n\t\t<\/div>\n\n\t\t\n<style>\n#section_1602660658 {\n  padding-top: 30px;\n  padding-bottom: 30px;\n  background-color: rgb(29, 29, 29);\n}\n<\/style>\n\t<\/section>",
        "protected": false
    },
    "excerpt": {
        "rendered": "",
        "protected": false
    },
    "author": 1,
    "featured_media": 0,
    "parent": 0,
    "menu_order": 0,
    "comment_status": "closed",
    "ping_status": "closed",
    "template": "page-transparent-header.php",
    "meta": {
        "footnotes": ""
    },
    "class_list": [
        "post-360",
        "page",
        "type-page",
        "status-publish",
        "hentry"
    ],
    "yoast_head": "<!-- This site is optimized with the Yoast SEO plugin v25.6 - https:\/\/yoast.com\/wordpress\/plugins\/seo\/ -->\n<title>O mne - Peter Valentovi\u010d<\/title>\n<meta name=\"robots\" content=\"index, follow, max-snippet:-1, max-image-preview:large, max-video-preview:-1\" \/>\n<link rel=\"canonical\" href=\"http:\/\/petervalentovic.com\/sk\/o-mne\/\" \/>\n<meta property=\"og:locale\" content=\"sk_SK\" \/>\n<meta property=\"og:type\" content=\"article\" \/>\n<meta property=\"og:title\" content=\"O mne - Peter Valentovi\u010d\" \/>\n<meta property=\"og:url\" content=\"http:\/\/petervalentovic.com\/sk\/o-mne\/\" \/>\n<meta property=\"og:site_name\" content=\"Peter Valentovi\u010d\" \/>\n<meta property=\"article:modified_time\" content=\"2025-07-20T22:55:38+00:00\" \/>\n<meta name=\"twitter:card\" content=\"summary_large_image\" \/>\n<script type=\"application\/ld+json\" class=\"yoast-schema-graph\">{\"@context\":\"https:\/\/schema.org\",\"@graph\":[{\"@type\":\"WebPage\",\"@id\":\"http:\/\/petervalentovic.com\/en\/o-mne\/\",\"url\":\"http:\/\/petervalentovic.com\/en\/o-mne\/\",\"name\":\"O mne - Peter Valentovi\u010d\",\"isPartOf\":{\"@id\":\"http:\/\/petervalentovic.com\/en\/#website\"},\"datePublished\":\"2024-10-23T10:01:36+00:00\",\"dateModified\":\"2025-07-20T22:55:38+00:00\",\"breadcrumb\":{\"@id\":\"http:\/\/petervalentovic.com\/en\/o-mne\/#breadcrumb\"},\"inLanguage\":\"sk-SK\",\"potentialAction\":[{\"@type\":\"ReadAction\",\"target\":[\"http:\/\/petervalentovic.com\/en\/o-mne\/\"]}]},{\"@type\":\"BreadcrumbList\",\"@id\":\"http:\/\/petervalentovic.com\/en\/o-mne\/#breadcrumb\",\"itemListElement\":[{\"@type\":\"ListItem\",\"position\":1,\"name\":\"Home\",\"item\":\"http:\/\/petervalentovic.com\/en\/\"},{\"@type\":\"ListItem\",\"position\":2,\"name\":\"O mne\"}]},{\"@type\":\"WebSite\",\"@id\":\"http:\/\/petervalentovic.com\/en\/#website\",\"url\":\"http:\/\/petervalentovic.com\/en\/\",\"name\":\"Peter Valentovi\u010d\",\"description\":\"\",\"potentialAction\":[{\"@type\":\"SearchAction\",\"target\":{\"@type\":\"EntryPoint\",\"urlTemplate\":\"http:\/\/petervalentovic.com\/en\/?s={search_term_string}\"},\"query-input\":{\"@type\":\"PropertyValueSpecification\",\"valueRequired\":true,\"valueName\":\"search_term_string\"}}],\"inLanguage\":\"sk-SK\"}]}<\/script>\n<!-- \/ Yoast SEO plugin. -->",
    "yoast_head_json": {
        "title": "O mne - Peter Valentovi\u010d",
        "robots": {
            "index": "index",
            "follow": "follow",
            "max-snippet": "max-snippet:-1",
            "max-image-preview": "max-image-preview:large",
            "max-video-preview": "max-video-preview:-1"
        },
        "canonical": "http:\/\/petervalentovic.com\/sk\/o-mne\/",
        "og_locale": "sk_SK",
        "og_type": "article",
        "og_title": "O mne - Peter Valentovi\u010d",
        "og_url": "http:\/\/petervalentovic.com\/sk\/o-mne\/",
        "og_site_name": "Peter Valentovi\u010d",
        "article_modified_time": "2025-07-20T22:55:38+00:00",
        "twitter_card": "summary_large_image",
        "schema": {
            "@context": "https:\/\/schema.org",
            "@graph": [
                {
                    "@type": "WebPage",
                    "@id": "http:\/\/petervalentovic.com\/en\/o-mne\/",
                    "url": "http:\/\/petervalentovic.com\/en\/o-mne\/",
                    "name": "O mne - Peter Valentovi\u010d",
                    "isPartOf": {
                        "@id": "http:\/\/petervalentovic.com\/en\/#website"
                    },
                    "datePublished": "2024-10-23T10:01:36+00:00",
                    "dateModified": "2025-07-20T22:55:38+00:00",
                    "breadcrumb": {
                        "@id": "http:\/\/petervalentovic.com\/en\/o-mne\/#breadcrumb"
                    },
                    "inLanguage": "sk-SK",
                    "potentialAction": [
                        {
                            "@type": "ReadAction",
                            "target": [
                                "http:\/\/petervalentovic.com\/en\/o-mne\/"
                            ]
                        }
                    ]
                },
                {
                    "@type": "BreadcrumbList",
                    "@id": "http:\/\/petervalentovic.com\/en\/o-mne\/#breadcrumb",
                    "itemListElement": [
                        {
                            "@type": "ListItem",
                            "position": 1,
                            "name": "Home",
                            "item": "http:\/\/petervalentovic.com\/en\/"
                        },
                        {
                            "@type": "ListItem",
                            "position": 2,
                            "name": "O mne"
                        }
                    ]
                },
                {
                    "@type": "WebSite",
                    "@id": "http:\/\/petervalentovic.com\/en\/#website",
                    "url": "http:\/\/petervalentovic.com\/en\/",
                    "name": "Peter Valentovi\u010d",
                    "description": "",
                    "potentialAction": [
                        {
                            "@type": "SearchAction",
                            "target": {
                                "@type": "EntryPoint",
                                "urlTemplate": "http:\/\/petervalentovic.com\/en\/?s={search_term_string}"
                            },
                            "query-input": {
                                "@type": "PropertyValueSpecification",
                                "valueRequired": true,
                                "valueName": "search_term_string"
                            }
                        }
                    ],
                    "inLanguage": "sk-SK"
                }
            ]
        }
    },
    "_links": {
        "self": [
            {
                "href": "http:\/\/petervalentovic.com\/sk\/wp-json\/wp\/v2\/pages\/360",
                "targetHints": {
                    "allow": [
                        "GET"
                    ]
                }
            }
        ],
        "collection": [
            {
                "href": "http:\/\/petervalentovic.com\/sk\/wp-json\/wp\/v2\/pages"
            }
        ],
        "about": [
            {
                "href": "http:\/\/petervalentovic.com\/sk\/wp-json\/wp\/v2\/types\/page"
            }
        ],
        "author": [
            {
                "embeddable": true,
                "href": "http:\/\/petervalentovic.com\/sk\/wp-json\/wp\/v2\/users\/1"
            }
        ],
        "replies": [
            {
                "embeddable": true,
                "href": "http:\/\/petervalentovic.com\/sk\/wp-json\/wp\/v2\/comments?post=360"
            }
        ],
        "version-history": [
            {
                "count": 6,
                "href": "http:\/\/petervalentovic.com\/sk\/wp-json\/wp\/v2\/pages\/360\/revisions"
            }
        ],
        "predecessor-version": [
            {
                "id": 789,
                "href": "http:\/\/petervalentovic.com\/sk\/wp-json\/wp\/v2\/pages\/360\/revisions\/789"
            }
        ],
        "wp:attachment": [
            {
                "href": "http:\/\/petervalentovic.com\/sk\/wp-json\/wp\/v2\/media?parent=360"
            }
        ],
        "curies": [
            {
                "name": "wp",
                "href": "https:\/\/api.w.org\/{rel}",
                "templated": true
            }
        ]
    }
}